{"id":47531,"date":"2022-05-13T13:01:25","date_gmt":"2022-05-13T11:01:25","guid":{"rendered":"https:\/\/puerto-banus.com\/noticias\/puerto-banus-celebra-dia-internacional-del-yoga-con-masterclass\/"},"modified":"2026-02-16T14:46:49","modified_gmt":"2026-02-16T13:46:49","slug":"puerto-banus-celebra-dia-internacional-del-yoga-con-masterclass","status":"publish","type":"post","link":"https:\/\/puerto-banus.com\/en\/noticias\/puerto-banus-celebra-dia-internacional-del-yoga-con-masterclass\/","title":{"rendered":"Puerto Ban\u00fas Celebrates International Yoga Day with Open-Air Masterclass"},"content":{"rendered":"\r\n<p><em>Puerto Ban\u00fas y Ferm\u00edn Su\u00e1rez Yoga School &amp; MIND, se unen para celebrar el d\u00eda internacional del yoga en un entorno sin igual en el dique de Puerto Ban\u00fas, un enclave \u00fanico para conectar el cuerpo, la respiraci\u00f3n y la mente en medio del mar. Siete expertos en esta disciplina ofrecer\u00e1n una sesi\u00f3n gratuita y apta para todos los niveles.<\/em><\/p>\r\n<p>\r\n\r\n<\/p>\r\n<p>En reconocimiento de su popularidad universal, las Naciones Unidas proclamaron el 21 de junio como el D\u00eda Internacional del Yoga y su celebraci\u00f3n sirve para concienciar a la poblaci\u00f3n sobre los beneficios de practicar disciplina tan saludable para el cuerpo y la mente.<\/p>\r\n<p>\r\n\r\n<\/p>\r\n<p>El <strong>s\u00e1bado 25 de junio a las 7:30 pm se celebrar\u00e1 la I Edici\u00f3n de la Masterclass de Yoga en Puerto Ban\u00fas<\/strong>; una experiencia al aire libre en el dique de la marina, en el <strong>que los participantes podr\u00e1n disfrutar de una sesi\u00f3n relajante <\/strong>de la mano de <a href=\"https:\/\/www.instagram.com\/hotfityogafs\/\">Ferm\u00edn Su\u00e1rez Yoga School<\/a> y otros 6 reconocidos profesores de esta disciplina. Esta actividad es para toda la familia, \u00a1ni\u00f1as y ni\u00f1os tambi\u00e9n son bienvenidos!<\/p>\r\n<p>\r\n\r\n<\/p>\r\n<p>Amantes del yoga se reunir\u00e1n para una pr\u00e1ctica multiteacher adaptada a todos los niveles, con profesores muy experimentados en esta pr\u00e1ctica que ayuda a conectar cuerpo y alma. La entrada ser\u00e1 gratuita con previo registro dadas las plazas limitadas.<\/p>\r\n<p>\r\n\r\n<\/p>\r\n<p class=\"has-text-align-center\">\u00a0<\/p>\r\n<p>\r\n\r\n<\/p>\r\n<div class=\"wp-block-image\">\r\n<figure class=\"aligncenter size-large\"><img decoding=\"async\" class=\"wp-image-19324\" src=\"https:\/\/puerto-banus.com\/wp-content\/uploads\/2022\/12\/Copia-de-Copia-de-Diseno-sin-nombre.png\" alt=\"\" \/><\/figure>\r\n<\/div>\r\n<p>\r\n\r\n<\/p>\r\n<p>En esta I Masterclass de Yoga en Puerto Ban\u00fas, los profesores realizar\u00e1n en distintos periodos de tiempo, algunas posturas f\u00edsicas y ejercicios de respiraci\u00f3n que los participantes podr\u00e1n practicar. As\u00ed, durante toda la sesi\u00f3n se podr\u00e1 disfrutar de la esencia de cada uno.\u00a0<\/p>\r\n<p>\r\n\r\n<\/p>\r\n<p>Adem\u00e1s de la Masterclass, los asistentes <strong>terminar\u00e1n los ejercicios con una breve sesi\u00f3n de meditaci\u00f3n, y posteriormente podr\u00e1n disfrutar de un concierto de hang drum <\/strong>a la luz de las velas contemplando el atardecer.<\/p>\r\n<p>\r\n\r\n<\/p>\r\n<p><strong>LOS PROFESORES.<\/strong><\/p>\r\n<p class=\"has-text-align-center\">\r\n\r\n<\/p>\r\n<p><a href=\"https:\/\/www.instagram.com\/hotfityogafs\/\">Ferm\u00edn Su\u00e1rez<\/a>, <em>de Ferm\u00edn Su\u00e1rez Yoga School &amp; MIND<\/em>, comenz\u00f3 su andadura en yoga hace casi 30 a\u00f1os, recorriendo diferentes estilos y linajes como <em>ashtanga yoga, Iyengar, kundalini y Sivananda<\/em>, creando un m\u00e9todo propio muy vers\u00e1til basado en los conocimientos recogidos de los diferentes estilos que hizo en s\u00ed.<\/p>\r\n<p>\r\n\r\n<\/p>\r\n<p>Hoy, es fundador y director de Fermin Su\u00e1rez Yoga School Association en Marbella y creador del m\u00e9todo que lleva su nombre. Es profesor de yoga por la Federaci\u00f3n Espa\u00f1ola de Yoga, Yoga Alliance, European Yoga Federation y Fedefy.<\/p>\r\n<p>\r\n\r\n<\/p>\r\n<p>Cabe destacar la versatilidad del estilo creado por Ferm\u00edn Su\u00e1rez, por la aportaci\u00f3n del conocimiento anat\u00f3mico y de biomec\u00e1nica, aplicado al movimiento consciente, para que as\u00ed la pr\u00e1ctica de yoga sea un veh\u00edculo para la liberaci\u00f3n y la meditaci\u00f3n. A trav\u00e9s de las diferentes disciplinas que sumaron para ese concepto en su juventud como fueron la pr\u00e1ctica del <em>Taichi, k\u00e1rate, Shotokan y taekwondo,<\/em> unido a la pr\u00e1ctica mantenida durante a\u00f1os de <em>ballet<\/em> cl\u00e1sico y fitness.<\/p>\r\n<p>\r\n\r\n<\/p>\r\n<p><strong><a href=\"https:\/\/www.instagram.com\/pablodaloia\/\" target=\"_blank\" rel=\"noreferrer noopener\" aria-label=\"Pablo D\u2019Aloia (se abre en una nueva pesta\u00f1a)\">Pablo D\u2019Aloia<\/a><\/strong>, comenz\u00f3 sus andaduras hace 25 a\u00f1os en el <em>hatha<\/em> yoga tradicional y se especializa con el tiempo en las t\u00e9cnicas mentales y sus beneficios para acompa\u00f1arlas con instrumentos ancestrales.<\/p>\r\n<p>\r\n\r\n<\/p>\r\n<p><strong><a href=\"https:\/\/www.instagram.com\/lourdes.vidal3\/\" target=\"_blank\" rel=\"noreferrer noopener\" aria-label=\"Lourdes Vidal (se abre en una nueva pesta\u00f1a)\">Lourdes Vidal<\/a><\/strong> es AdvancedYoga Medicine Teacher con m\u00e1s de 25 a\u00f1os practicando esta disciplina, y su \u00a0estilo es <em>Vinyasa Flow<\/em> anat\u00f3micamente espec\u00edfico y con mucha consciencia e inspirado de una filosof\u00eda pr\u00e1ctica y f\u00e1cil.<\/p>\r\n<p>\r\n\r\n<\/p>\r\n<p><strong><a href=\"https:\/\/es-es.facebook.com\/pages\/category\/Community\/The-soul-of-YOGA-by-Valle-CR-156614521749132\/\" target=\"_blank\" rel=\"noreferrer noopener\" aria-label=\"Valle Carrasquilla (se abre en una nueva pesta\u00f1a)\">Valle Carrasquilla<\/a><\/strong> es profesora de yoga con m\u00e1s de 10 a\u00f1os de experiencia en la Ferm\u00edn Suarez Yoga School (FSYS).<\/p>\r\n<p>\r\n\r\n<\/p>\r\n<p><a href=\"https:\/\/www.instagram.com\/gabimastra\/\" target=\"_blank\" rel=\"noreferrer noopener\" aria-label=\"Gabi Mastragostino (se abre en una nueva pesta\u00f1a)\"><strong>Gabi Mastragostino<\/strong><\/a>, nacido en Argentina y afincado en Marbella, es profesor de yoga certificado por la Yoga Alliance: 200RYT y 500RYT. Comenz\u00f3 esta pr\u00e1ctica bajo la ense\u00f1anza de Ferm\u00edn Suarez en la escuela Hot Fit Yoga de Marbella.<\/p>\r\n<p>\r\n\r\n<\/p>\r\n<p><a href=\"https:\/\/es-la.facebook.com\/ExpandeteYogaloryhuguet\/\" target=\"_blank\" rel=\"noreferrer noopener\" aria-label=\"Lory Huguet (se abre en una nueva pesta\u00f1a)\"><strong>Lory Huguet<\/strong><\/a>, se form\u00f3 en Barcelona hace 9 a\u00f1os con Amelie Strecker en Yogaroom. Compatir\u00e1 un Vinyasa Yoga Flow, donde conectaremos la respiraci\u00f3n, movimiento y sentir.<\/p>\r\n<p>\r\n\r\n<\/p>\r\n<p><a href=\"https:\/\/www.instagram.com\/deborahniccolini_ahy\/\" target=\"_blank\" rel=\"noreferrer noopener\" aria-label=\"Deborah Niccolini (se abre en una nueva pesta\u00f1a)\"><strong>Deborah Niccolini<\/strong><\/a>, es profesora de yoga con m\u00e1s de seis a\u00f1os de experiencia y 10 como practicante, dedica su vida a compartir sus ense\u00f1anzas desde Marbella hasta C\u00e1diz con el fin de mejorar cada d\u00eda y seguir aprendiendo de esta pr\u00e1ctica que conecta el cuerpo, la respiraci\u00f3n y la mente.<\/p>\r\n<p>\r\n\r\n<\/p>\r\n<div class=\"wp-block-image\">\r\n<figure class=\"aligncenter size-large\"><img decoding=\"async\" class=\"wp-image-19328\" src=\"https:\/\/puerto-banus.com\/wp-content\/uploads\/2022\/12\/Copia-de-Diseno-sin-nombre.png\" alt=\"\" \/><\/figure>\r\n<\/div>\r\n<p>\r\n\r\n<\/p>\r\n<p><strong>I MASTERCLASS DE YOGA EN PUERTO BAN\u00daS:<\/strong><\/p>\r\n<p class=\"has-text-align-left\">\r\n\r\n<\/p>\r\n<p><strong>S\u00c1BADO 25 DE JUNIO | DIQUE DE PUERTO BAN\u00daS<\/strong><\/p>\r\n<p>\r\n\r\n<\/p>\r\n<p>\u2022 7:30 pm \u2013 Recepci\u00f3n<\/p>\r\n<p>\r\n\r\n<\/p>\r\n<p>\u2022 8:15 pm \u2013 Inicio Masterclass Yoga<\/p>\r\n<p>\r\n\r\n<\/p>\r\n<p>\u2022 10:15 pm \u2013 Sesi\u00f3n de meditaci\u00f3n<\/p>\r\n<p>\r\n\r\n<\/p>\r\n<p>\u2022 10:30 pm \u2013 Concierto Hang Drum a la luz de las velas &amp; healthy cocktail<\/p>\r\n<p>\r\n\r\n<\/p>\r\n<p><strong>\u00a1Las primeras 200 personas registradas tendr\u00e1n una esterilla de regalo y bolsa porta esterilla!<\/strong><\/p>\r\n<p class=\"has-text-align-left\">\r\n\r\n<\/p>\r\n<p>S\u00edguenos en Instagram para m\u00e1s informaci\u00f3n: @puertobanusoficial<\/p>\r\n<p class=\"has-text-align-left\">\r\n\r\n<\/p>\r\n<p class=\"has-text-align-center\">\u00a0<\/p>\r\n<p class=\"has-text-align-left\"><\/p>","protected":false},"excerpt":{"rendered":"<p>In honor of International Yoga Day, Puerto Ban\u00fas organized a free outdoor masterclass by the sea, drawing hundreds of participants. <\/p>\n","protected":false},"author":3,"featured_media":27279,"comment_status":"closed","ping_status":"closed","sticky":false,"template":"","format":"standard","meta":{"_acf_changed":false,"_et_pb_use_builder":"","_et_pb_old_content":"","_et_gb_content_width":"","_joinchat":[],"footnotes":""},"categories":[430,424,443,437],"tags":[],"class_list":["post-47531","post","type-post","status-publish","format-standard","has-post-thumbnail","hentry","category-banus","category-events","category-lifestyle","category-news"],"acf":[],"yoast_head":"<!-- This site is optimized with the Yoast SEO plugin v27.4 - https:\/\/yoast.com\/product\/yoast-seo-wordpress\/ -->\n<title>Puerto Ban\u00fas Celebrates International Yoga Day with Open-Air Masterclass | Puerto Ban\u00fas<\/title>\n<meta name=\"description\" content=\"Celebrate International Yoga Day at Puerto Banus with a special masterclass by the sea. Schedule, location and how to join the session.\" \/>\n<meta name=\"robots\" content=\"index, follow, max-snippet:-1, max-image-preview:large, max-video-preview:-1\" \/>\n<link rel=\"canonical\" href=\"https:\/\/puerto-banus.com\/en\/noticias\/puerto-banus-celebra-dia-internacional-del-yoga-con-masterclass\/\" \/>\n<meta property=\"og:locale\" content=\"en_US\" \/>\n<meta property=\"og:type\" content=\"article\" \/>\n<meta property=\"og:title\" content=\"Puerto Ban\u00fas Celebrates International Yoga Day with Open-Air Masterclass | Puerto Ban\u00fas\" \/>\n<meta property=\"og:description\" content=\"Celebrate International Yoga Day at Puerto Banus with a special masterclass by the sea. Schedule, location and how to join the session.\" \/>\n<meta property=\"og:site_name\" content=\"Puerto Ban\u00fas\" \/>\n<meta property=\"article:publisher\" content=\"https:\/\/www.facebook.com\/puertobanus\/\" \/>\n<meta property=\"article:published_time\" content=\"2022-05-13T11:01:25+00:00\" \/>\n<meta property=\"article:modified_time\" content=\"2026-02-16T13:46:49+00:00\" \/>\n<meta property=\"og:image\" content=\"https:\/\/puerto-banus.com\/wp-content\/uploads\/2022\/05\/640x420.png\" \/>\n\t<meta property=\"og:image:width\" content=\"640\" \/>\n\t<meta property=\"og:image:height\" content=\"420\" \/>\n\t<meta property=\"og:image:type\" content=\"image\/png\" \/>\n<meta name=\"author\" content=\"benja\" \/>\n<meta name=\"twitter:card\" content=\"summary_large_image\" \/>\n<meta name=\"twitter:label1\" content=\"Written by\" \/>\n\t<meta name=\"twitter:data1\" content=\"benja\" \/>\n\t<meta name=\"twitter:label2\" content=\"Est. reading time\" \/>\n\t<meta name=\"twitter:data2\" content=\"4 minutes\" \/>\n<script type=\"application\/ld+json\" class=\"yoast-schema-graph\">{\"@context\":\"https:\\\/\\\/schema.org\",\"@graph\":[{\"@type\":\"Article\",\"@id\":\"https:\\\/\\\/puerto-banus.com\\\/en\\\/noticias\\\/puerto-banus-celebra-dia-internacional-del-yoga-con-masterclass\\\/#article\",\"isPartOf\":{\"@id\":\"https:\\\/\\\/puerto-banus.com\\\/en\\\/noticias\\\/puerto-banus-celebra-dia-internacional-del-yoga-con-masterclass\\\/\"},\"author\":{\"name\":\"benja\",\"@id\":\"https:\\\/\\\/puerto-banus.com\\\/en\\\/#\\\/schema\\\/person\\\/8eb4d86f3ff336cb0329282178e35a5b\"},\"headline\":\"Puerto Ban\u00fas Celebrates International Yoga Day with Open-Air Masterclass\",\"datePublished\":\"2022-05-13T11:01:25+00:00\",\"dateModified\":\"2026-02-16T13:46:49+00:00\",\"mainEntityOfPage\":{\"@id\":\"https:\\\/\\\/puerto-banus.com\\\/en\\\/noticias\\\/puerto-banus-celebra-dia-internacional-del-yoga-con-masterclass\\\/\"},\"wordCount\":809,\"publisher\":{\"@id\":\"https:\\\/\\\/puerto-banus.com\\\/en\\\/#organization\"},\"image\":{\"@id\":\"https:\\\/\\\/puerto-banus.com\\\/en\\\/noticias\\\/puerto-banus-celebra-dia-internacional-del-yoga-con-masterclass\\\/#primaryimage\"},\"thumbnailUrl\":\"https:\\\/\\\/puerto-banus.com\\\/wp-content\\\/uploads\\\/2022\\\/05\\\/640x420.png\",\"articleSection\":[\"Banus\",\"Events\",\"Lifestyle\",\"News\"],\"inLanguage\":\"en-US\"},{\"@type\":\"WebPage\",\"@id\":\"https:\\\/\\\/puerto-banus.com\\\/en\\\/noticias\\\/puerto-banus-celebra-dia-internacional-del-yoga-con-masterclass\\\/\",\"url\":\"https:\\\/\\\/puerto-banus.com\\\/en\\\/noticias\\\/puerto-banus-celebra-dia-internacional-del-yoga-con-masterclass\\\/\",\"name\":\"Puerto Ban\u00fas Celebrates International Yoga Day with Open-Air Masterclass | Puerto Ban\u00fas\",\"isPartOf\":{\"@id\":\"https:\\\/\\\/puerto-banus.com\\\/en\\\/#website\"},\"primaryImageOfPage\":{\"@id\":\"https:\\\/\\\/puerto-banus.com\\\/en\\\/noticias\\\/puerto-banus-celebra-dia-internacional-del-yoga-con-masterclass\\\/#primaryimage\"},\"image\":{\"@id\":\"https:\\\/\\\/puerto-banus.com\\\/en\\\/noticias\\\/puerto-banus-celebra-dia-internacional-del-yoga-con-masterclass\\\/#primaryimage\"},\"thumbnailUrl\":\"https:\\\/\\\/puerto-banus.com\\\/wp-content\\\/uploads\\\/2022\\\/05\\\/640x420.png\",\"datePublished\":\"2022-05-13T11:01:25+00:00\",\"dateModified\":\"2026-02-16T13:46:49+00:00\",\"description\":\"Celebrate International Yoga Day at Puerto Banus with a special masterclass by the sea. Schedule, location and how to join the session.\",\"breadcrumb\":{\"@id\":\"https:\\\/\\\/puerto-banus.com\\\/en\\\/noticias\\\/puerto-banus-celebra-dia-internacional-del-yoga-con-masterclass\\\/#breadcrumb\"},\"inLanguage\":\"en-US\",\"potentialAction\":[{\"@type\":\"ReadAction\",\"target\":[\"https:\\\/\\\/puerto-banus.com\\\/en\\\/noticias\\\/puerto-banus-celebra-dia-internacional-del-yoga-con-masterclass\\\/\"]}]},{\"@type\":\"ImageObject\",\"inLanguage\":\"en-US\",\"@id\":\"https:\\\/\\\/puerto-banus.com\\\/en\\\/noticias\\\/puerto-banus-celebra-dia-internacional-del-yoga-con-masterclass\\\/#primaryimage\",\"url\":\"https:\\\/\\\/puerto-banus.com\\\/wp-content\\\/uploads\\\/2022\\\/05\\\/640x420.png\",\"contentUrl\":\"https:\\\/\\\/puerto-banus.com\\\/wp-content\\\/uploads\\\/2022\\\/05\\\/640x420.png\",\"width\":640,\"height\":420},{\"@type\":\"BreadcrumbList\",\"@id\":\"https:\\\/\\\/puerto-banus.com\\\/en\\\/noticias\\\/puerto-banus-celebra-dia-internacional-del-yoga-con-masterclass\\\/#breadcrumb\",\"itemListElement\":[{\"@type\":\"ListItem\",\"position\":1,\"name\":\"Portada\",\"item\":\"https:\\\/\\\/puerto-banus.com\\\/en\\\/\"},{\"@type\":\"ListItem\",\"position\":2,\"name\":\"Puerto Ban\u00fas Celebrates International Yoga Day with Open-Air Masterclass\"}]},{\"@type\":\"WebSite\",\"@id\":\"https:\\\/\\\/puerto-banus.com\\\/en\\\/#website\",\"url\":\"https:\\\/\\\/puerto-banus.com\\\/en\\\/\",\"name\":\"Bienvenido a la web de Puerto Ban\u00fas\",\"description\":\"Puerto Deportivo Puerto Jos\u00e9 Ban\u00fas. Descubre, Sue\u00f1a y Explora.\",\"publisher\":{\"@id\":\"https:\\\/\\\/puerto-banus.com\\\/en\\\/#organization\"},\"potentialAction\":[{\"@type\":\"SearchAction\",\"target\":{\"@type\":\"EntryPoint\",\"urlTemplate\":\"https:\\\/\\\/puerto-banus.com\\\/en\\\/?s={search_term_string}\"},\"query-input\":{\"@type\":\"PropertyValueSpecification\",\"valueRequired\":true,\"valueName\":\"search_term_string\"}}],\"inLanguage\":\"en-US\"},{\"@type\":\"Organization\",\"@id\":\"https:\\\/\\\/puerto-banus.com\\\/en\\\/#organization\",\"name\":\"Bienvenido a la web de Puerto Ban\u00fas\",\"url\":\"https:\\\/\\\/puerto-banus.com\\\/en\\\/\",\"logo\":{\"@type\":\"ImageObject\",\"inLanguage\":\"en-US\",\"@id\":\"https:\\\/\\\/puerto-banus.com\\\/en\\\/#\\\/schema\\\/logo\\\/image\\\/\",\"url\":\"https:\\\/\\\/puerto-banus.com\\\/wp-content\\\/uploads\\\/2022\\\/09\\\/favicon_150.png\",\"contentUrl\":\"https:\\\/\\\/puerto-banus.com\\\/wp-content\\\/uploads\\\/2022\\\/09\\\/favicon_150.png\",\"width\":109,\"height\":109,\"caption\":\"Bienvenido a la web de Puerto Ban\u00fas\"},\"image\":{\"@id\":\"https:\\\/\\\/puerto-banus.com\\\/en\\\/#\\\/schema\\\/logo\\\/image\\\/\"},\"sameAs\":[\"https:\\\/\\\/www.facebook.com\\\/puertobanus\\\/\",\"https:\\\/\\\/www.instagram.com\\\/puertobanusoficial\\\/\",\"https:\\\/\\\/www.linkedin.com\\\/company\\\/puerto-banus\\\/\",\"https:\\\/\\\/www.youtube.com\\\/channel\\\/UCg1L_BYRoc53if_Gx5YTyEQ\"]},{\"@type\":\"Person\",\"@id\":\"https:\\\/\\\/puerto-banus.com\\\/en\\\/#\\\/schema\\\/person\\\/8eb4d86f3ff336cb0329282178e35a5b\",\"name\":\"benja\",\"image\":{\"@type\":\"ImageObject\",\"inLanguage\":\"en-US\",\"@id\":\"https:\\\/\\\/secure.gravatar.com\\\/avatar\\\/3ff07d9b122771453d1ee1ed12f45b61321393094d8913db9d884a026c7eb4f2?s=96&d=mm&r=g\",\"url\":\"https:\\\/\\\/secure.gravatar.com\\\/avatar\\\/3ff07d9b122771453d1ee1ed12f45b61321393094d8913db9d884a026c7eb4f2?s=96&d=mm&r=g\",\"contentUrl\":\"https:\\\/\\\/secure.gravatar.com\\\/avatar\\\/3ff07d9b122771453d1ee1ed12f45b61321393094d8913db9d884a026c7eb4f2?s=96&d=mm&r=g\",\"caption\":\"benja\"}}]}<\/script>\n<!-- \/ Yoast SEO plugin. -->","yoast_head_json":{"title":"Puerto Ban\u00fas Celebrates International Yoga Day with Open-Air Masterclass | Puerto Ban\u00fas","description":"Celebrate International Yoga Day at Puerto Banus with a special masterclass by the sea. Schedule, location and how to join the session.","robots":{"index":"index","follow":"follow","max-snippet":"max-snippet:-1","max-image-preview":"max-image-preview:large","max-video-preview":"max-video-preview:-1"},"canonical":"https:\/\/puerto-banus.com\/en\/noticias\/puerto-banus-celebra-dia-internacional-del-yoga-con-masterclass\/","og_locale":"en_US","og_type":"article","og_title":"Puerto Ban\u00fas Celebrates International Yoga Day with Open-Air Masterclass | Puerto Ban\u00fas","og_description":"Celebrate International Yoga Day at Puerto Banus with a special masterclass by the sea. Schedule, location and how to join the session.","og_site_name":"Puerto Ban\u00fas","article_publisher":"https:\/\/www.facebook.com\/puertobanus\/","article_published_time":"2022-05-13T11:01:25+00:00","article_modified_time":"2026-02-16T13:46:49+00:00","og_image":[{"width":640,"height":420,"url":"https:\/\/puerto-banus.com\/wp-content\/uploads\/2022\/05\/640x420.png","type":"image\/png"}],"author":"benja","twitter_card":"summary_large_image","twitter_misc":{"Written by":"benja","Est. reading time":"4 minutes"},"schema":{"@context":"https:\/\/schema.org","@graph":[{"@type":"Article","@id":"https:\/\/puerto-banus.com\/en\/noticias\/puerto-banus-celebra-dia-internacional-del-yoga-con-masterclass\/#article","isPartOf":{"@id":"https:\/\/puerto-banus.com\/en\/noticias\/puerto-banus-celebra-dia-internacional-del-yoga-con-masterclass\/"},"author":{"name":"benja","@id":"https:\/\/puerto-banus.com\/en\/#\/schema\/person\/8eb4d86f3ff336cb0329282178e35a5b"},"headline":"Puerto Ban\u00fas Celebrates International Yoga Day with Open-Air Masterclass","datePublished":"2022-05-13T11:01:25+00:00","dateModified":"2026-02-16T13:46:49+00:00","mainEntityOfPage":{"@id":"https:\/\/puerto-banus.com\/en\/noticias\/puerto-banus-celebra-dia-internacional-del-yoga-con-masterclass\/"},"wordCount":809,"publisher":{"@id":"https:\/\/puerto-banus.com\/en\/#organization"},"image":{"@id":"https:\/\/puerto-banus.com\/en\/noticias\/puerto-banus-celebra-dia-internacional-del-yoga-con-masterclass\/#primaryimage"},"thumbnailUrl":"https:\/\/puerto-banus.com\/wp-content\/uploads\/2022\/05\/640x420.png","articleSection":["Banus","Events","Lifestyle","News"],"inLanguage":"en-US"},{"@type":"WebPage","@id":"https:\/\/puerto-banus.com\/en\/noticias\/puerto-banus-celebra-dia-internacional-del-yoga-con-masterclass\/","url":"https:\/\/puerto-banus.com\/en\/noticias\/puerto-banus-celebra-dia-internacional-del-yoga-con-masterclass\/","name":"Puerto Ban\u00fas Celebrates International Yoga Day with Open-Air Masterclass | Puerto Ban\u00fas","isPartOf":{"@id":"https:\/\/puerto-banus.com\/en\/#website"},"primaryImageOfPage":{"@id":"https:\/\/puerto-banus.com\/en\/noticias\/puerto-banus-celebra-dia-internacional-del-yoga-con-masterclass\/#primaryimage"},"image":{"@id":"https:\/\/puerto-banus.com\/en\/noticias\/puerto-banus-celebra-dia-internacional-del-yoga-con-masterclass\/#primaryimage"},"thumbnailUrl":"https:\/\/puerto-banus.com\/wp-content\/uploads\/2022\/05\/640x420.png","datePublished":"2022-05-13T11:01:25+00:00","dateModified":"2026-02-16T13:46:49+00:00","description":"Celebrate International Yoga Day at Puerto Banus with a special masterclass by the sea. Schedule, location and how to join the session.","breadcrumb":{"@id":"https:\/\/puerto-banus.com\/en\/noticias\/puerto-banus-celebra-dia-internacional-del-yoga-con-masterclass\/#breadcrumb"},"inLanguage":"en-US","potentialAction":[{"@type":"ReadAction","target":["https:\/\/puerto-banus.com\/en\/noticias\/puerto-banus-celebra-dia-internacional-del-yoga-con-masterclass\/"]}]},{"@type":"ImageObject","inLanguage":"en-US","@id":"https:\/\/puerto-banus.com\/en\/noticias\/puerto-banus-celebra-dia-internacional-del-yoga-con-masterclass\/#primaryimage","url":"https:\/\/puerto-banus.com\/wp-content\/uploads\/2022\/05\/640x420.png","contentUrl":"https:\/\/puerto-banus.com\/wp-content\/uploads\/2022\/05\/640x420.png","width":640,"height":420},{"@type":"BreadcrumbList","@id":"https:\/\/puerto-banus.com\/en\/noticias\/puerto-banus-celebra-dia-internacional-del-yoga-con-masterclass\/#breadcrumb","itemListElement":[{"@type":"ListItem","position":1,"name":"Portada","item":"https:\/\/puerto-banus.com\/en\/"},{"@type":"ListItem","position":2,"name":"Puerto Ban\u00fas Celebrates International Yoga Day with Open-Air Masterclass"}]},{"@type":"WebSite","@id":"https:\/\/puerto-banus.com\/en\/#website","url":"https:\/\/puerto-banus.com\/en\/","name":"Bienvenido a la web de Puerto Ban\u00fas","description":"Puerto Deportivo Puerto Jos\u00e9 Ban\u00fas. Descubre, Sue\u00f1a y Explora.","publisher":{"@id":"https:\/\/puerto-banus.com\/en\/#organization"},"potentialAction":[{"@type":"SearchAction","target":{"@type":"EntryPoint","urlTemplate":"https:\/\/puerto-banus.com\/en\/?s={search_term_string}"},"query-input":{"@type":"PropertyValueSpecification","valueRequired":true,"valueName":"search_term_string"}}],"inLanguage":"en-US"},{"@type":"Organization","@id":"https:\/\/puerto-banus.com\/en\/#organization","name":"Bienvenido a la web de Puerto Ban\u00fas","url":"https:\/\/puerto-banus.com\/en\/","logo":{"@type":"ImageObject","inLanguage":"en-US","@id":"https:\/\/puerto-banus.com\/en\/#\/schema\/logo\/image\/","url":"https:\/\/puerto-banus.com\/wp-content\/uploads\/2022\/09\/favicon_150.png","contentUrl":"https:\/\/puerto-banus.com\/wp-content\/uploads\/2022\/09\/favicon_150.png","width":109,"height":109,"caption":"Bienvenido a la web de Puerto Ban\u00fas"},"image":{"@id":"https:\/\/puerto-banus.com\/en\/#\/schema\/logo\/image\/"},"sameAs":["https:\/\/www.facebook.com\/puertobanus\/","https:\/\/www.instagram.com\/puertobanusoficial\/","https:\/\/www.linkedin.com\/company\/puerto-banus\/","https:\/\/www.youtube.com\/channel\/UCg1L_BYRoc53if_Gx5YTyEQ"]},{"@type":"Person","@id":"https:\/\/puerto-banus.com\/en\/#\/schema\/person\/8eb4d86f3ff336cb0329282178e35a5b","name":"benja","image":{"@type":"ImageObject","inLanguage":"en-US","@id":"https:\/\/secure.gravatar.com\/avatar\/3ff07d9b122771453d1ee1ed12f45b61321393094d8913db9d884a026c7eb4f2?s=96&d=mm&r=g","url":"https:\/\/secure.gravatar.com\/avatar\/3ff07d9b122771453d1ee1ed12f45b61321393094d8913db9d884a026c7eb4f2?s=96&d=mm&r=g","contentUrl":"https:\/\/secure.gravatar.com\/avatar\/3ff07d9b122771453d1ee1ed12f45b61321393094d8913db9d884a026c7eb4f2?s=96&d=mm&r=g","caption":"benja"}}]}},"_links":{"self":[{"href":"https:\/\/puerto-banus.com\/en\/wp-json\/wp\/v2\/posts\/47531","targetHints":{"allow":["GET"]}}],"collection":[{"href":"https:\/\/puerto-banus.com\/en\/wp-json\/wp\/v2\/posts"}],"about":[{"href":"https:\/\/puerto-banus.com\/en\/wp-json\/wp\/v2\/types\/post"}],"author":[{"embeddable":true,"href":"https:\/\/puerto-banus.com\/en\/wp-json\/wp\/v2\/users\/3"}],"replies":[{"embeddable":true,"href":"https:\/\/puerto-banus.com\/en\/wp-json\/wp\/v2\/comments?post=47531"}],"version-history":[{"count":3,"href":"https:\/\/puerto-banus.com\/en\/wp-json\/wp\/v2\/posts\/47531\/revisions"}],"predecessor-version":[{"id":48903,"href":"https:\/\/puerto-banus.com\/en\/wp-json\/wp\/v2\/posts\/47531\/revisions\/48903"}],"wp:featuredmedia":[{"embeddable":true,"href":"https:\/\/puerto-banus.com\/en\/wp-json\/wp\/v2\/media\/27279"}],"wp:attachment":[{"href":"https:\/\/puerto-banus.com\/en\/wp-json\/wp\/v2\/media?parent=47531"}],"wp:term":[{"taxonomy":"category","embeddable":true,"href":"https:\/\/puerto-banus.com\/en\/wp-json\/wp\/v2\/categories?post=47531"},{"taxonomy":"post_tag","embeddable":true,"href":"https:\/\/puerto-banus.com\/en\/wp-json\/wp\/v2\/tags?post=47531"}],"curies":[{"name":"wp","href":"https:\/\/api.w.org\/{rel}","templated":true}]}}